{"id":4946,"date":"2025-04-09T16:02:02","date_gmt":"2025-04-09T13:02:02","guid":{"rendered":"https:\/\/annaroberta.com\/?p=4946"},"modified":"2025-04-09T16:02:02","modified_gmt":"2025-04-09T13:02:02","slug":"eesti-rahvusballeti-esisolist-anna-roberta-dieedikultuur-on-minevik","status":"publish","type":"post","link":"https:\/\/annaroberta.com\/en\/meedia\/eesti-rahvusballeti-esisolist-anna-roberta-dieedikultuur-on-minevik\/","title":{"rendered":"Eesti Rahvusballeti esisolist Anna Roberta: dieedikultuur on minevik"},"content":{"rendered":"<h5>Estonias solistikarj\u00e4\u00e4ri alustanud Anna Roberta peab tantsides oluliseks enda maitse j\u00e4rgimist. Tema s\u00f5nul on t\u00e4nap\u00e4eval muutunud aina tavalisemaks see, et tantsijad saavad esisolistiks noores eas.<\/h5>\n<p><a href=\"https:\/\/eeter.err.ee\/1609415941\/eesti-rahvusballeti-esisolist-anna-roberta-dieedikultuur-on-minevik\">https:\/\/eeter.err.ee\/1609415941\/eesti-rahvusballeti-esisolist-anna-roberta-dieedikultuur-on-minevik<\/a><\/p>\n<p class=\"editor editor-design\">Toimetaja:\u00a0<span class=\"name\">Aet Kubits<br \/>\n<\/span>Allikas:\u00a0<span class=\"name\">R2 &#8220;Hommik&#8221;, intervjueerisid Bert J\u00e4rvet ja J\u00fcri Muttika<\/span><\/p>\n<p>Estonia baleriin Anna Roberta (1999) sai solistiks 2022. aastal ning esitantsijaks 2023. aastal. T\u00e4nap\u00e4eval on tema s\u00f5nul muutunud aina tavalisemaks see, et tantsijad on esisolistid nooremana. N\u00e4iteks on Pariisi ooperi t\u00e4ht Robertast kolm aastat noorem. Baleriini solistikarj\u00e4\u00e4r s\u00f5ltub Roberta hinnangul suuresti \u00f5nnest. &#8220;Mul vedas v\u00e4ga, sest sain noorena tantsida palju rolle: mind visati vette ja vaadati, kas ujun v\u00f5i upun,&#8221; selgitas tantsija.<\/p>\n<p>Solistiks saamise puhul on Roberta s\u00f5nul olulised nii kogemus kui ka peaballetmeistri otsus. &#8220;Solistiks saab kilometraa\u017ei p\u00f5hjal (kui palju sa tantsid ja mida); esitantsija on aga inimene, kes esindab Eesti rahvusballetti,&#8221; nentis Roberta. Kui esitantsija roll on kirjas baleriini lepingus, siis priimabaleriin on pigem levinud tiitel rahvasuus.<\/p>\n<p>K\u00f5ige esimene solistiroll oli Robertal &#8220;Luikede j\u00e4rves&#8221;. See on baleriini s\u00f5nul v\u00e4ga ebatavaline, kuna enamasti alustatakse v\u00e4iksemate ja v\u00e4hem t\u00e4htsate rollidega ning alles aastate p\u00e4rast usaldatakse tantsijale niiv\u00f5rd suur osa. Robertal l\u00e4ks aga h\u00e4sti. &#8220;Olen teinud nii &#8220;Luikede j\u00e4rve&#8221; kui ka &#8220;Anna Kareninat&#8221;. Viimane oli minu unistuste rollile v\u00e4ga l\u00e4hedal,&#8221; nentis Roberta. Unistuste rolle tekib tantsija s\u00f5nul ajaga aina juurde.<\/p>\n<p>Laval olles m\u00f5tleb baleriin eelk\u00f5ige sellele, et temal endal oleks hea tunne. &#8220;See, kuidas mina laval olen, on minu ja kindlasti ka \u00f5petaja maitse,&#8221; kommenteeris Roberta. Tema s\u00f5nul on oluline, et tantsija leiaks endale \u00f5petaja, kelle maitse kattuks tema omaga.\u00a0&#8220;N\u00e4iteks mina olen h\u00e4sti pikk, Plissetskaja oli aga v\u00e4ga l\u00fchike. Kui mina hakkaksin Plissetskajat j\u00e4ljendama, siis tuleks sellest koomiline &#8220;Luikede j\u00e4rv&#8221;&#8221;, muigas tantsija.<\/p>\n<p>Trenn on Roberta s\u00f5nul baleriinide jaoks p\u00fcha asi, mida tehakse iga p\u00e4ev. Baleriini n\u00e4dal on jagatud trennide, proovide ja etenduste vahel. &#8220;N\u00e4iteks on meil \u00fches kuus kolm v\u00f5i neli etendust, millest k\u00f5iki peab ju harjutama,&#8221; selgitas baleriin. Kaks korda n\u00e4dalas toimuvad etendused ning siis l\u00f5ppeb p\u00e4ev varem.<\/p>\n<p>P\u00e4rast eriti olulist etendust l\u00e4heb Roberta t\u00e4histamiseks \u00f5htust s\u00f6\u00f6ma. &#8220;Kui on tegu erilise etendusega, siis ma l\u00e4hen pitsat s\u00f6\u00f6ma ning joon k\u00f5rvale klaasi \u00f5lut,&#8221; muljetas Roberta. Kuigi see ei k\u00e4i kokku stereot\u00fc\u00fcpse arusaamaga \u00fche baleriini dieedist, s\u00f6\u00f6vad tantsijad tema s\u00f5nul v\u00e4ga palju. &#8220;Dieedikultuur on j\u00e4\u00e4nud \u00f5nneks minevikku. N\u00fc\u00fcd on hakatud aru saama, et kui sa oled tippsportlane, siis sa pead ka s\u00f6\u00f6ma nagu tippsportlane,&#8221; r\u00f5hutas tantsija.<\/p>\n<p>Leigo J\u00e4rvemuusikal esietendub 10. augustil ballett &#8220;Aju&#8221;, kus teeb kaasa ka Anna Roberta, kelle arvates oli aju rolli v\u00e4ga p\u00f5nev luua. &#8220;Me oleme kaardistanud mingid ideed, kuidas aju peaks t\u00f6\u00f6tama ja \u00fcritame neid tantsu keeles v\u00e4ljendada \u2013 see on \u00fclimalt p\u00f5nev. N\u00e4iteks j\u00e4ljendame ajuneuronite liikumist. Palju on katsetamist ja \u00fcksteise tundmist,&#8221; kommenteeris tantsija lavastuse protsessi.<\/p>\n<p>\u00dcldiselt baleriinid suviti lavastustes kaasa ei tee, vaid taastuvad hooajast. &#8220;Esimene n\u00e4dal p\u00e4rast hooaja l\u00f5ppu keha lihtsalt valutab: kogu valu, mida oled terve hooaja alla surunud, kerkib siis esile,&#8221; r\u00e4\u00e4kis Roberta ning lisas, et kui ka suvel etendusi antakse, siis enamasti pole need klassikalised. &#8220;Suvel me end klassikalises vormis ei hoia,&#8221; nentis baleriin.<\/p>\n<div class=\"text flex-row\">\n<p>Tervis on baleriinidel habras ning \u00fcks v\u00f5i kaks v\u00e4iksemat vigastust hooajas on normaalne. &#8220;Minul on karj\u00e4\u00e4ri jooksul olnud kaks v\u00f5i kolm suuremat vigastust, mis on mind mitmeks kuuks rivist v\u00e4lja viinud. Aga v\u00e4iksemaid vigastusi juhtub kogu aeg: k\u00fc\u00fcned kukuvad \u00e4ra, jalad on krampis, keha on sinikaid t\u00e4is,&#8221; nentis Roberta. Lisaks on baleriini perearst n\u00fc\u00fcdseks tema elukutse ise\u00e4rasustest teadlik. &#8220;Minu perearst ei k\u00fcsi enam ammu, miks ma alakaalus olen,&#8221; muigas baleriin.<\/p>\n<p>Kui vanasti pidasid baleriinid oluliseks n\u00e4iteks Maria teatrit, siis t\u00e4nap\u00e4eval tahetakse v\u00e4lja j\u00f5uda igale poole. N\u00e4iteks on prestii\u017esed kompaniid t\u00e4nap\u00e4eval La Scala ja balletikollektiiv BalletMet. Roberta toob v\u00e4lja, et hiljuti on esile kerkinud ka Austraalia balletiteater, kuna see tegeleb tantsijate j\u00f5utreeninguga. &#8220;See on maailma esimene balletiteater, kus on olemas eraldi tiim, mis on p\u00fchendatud tantsijate tervisele,&#8221; r\u00f5hutas Roberta.<\/p>\n<p>T\u00e4nap\u00e4eval on baleriinide karj\u00e4\u00e4r l\u00e4inud \u00fcllatavalt pikemaks. N\u00e4iteks Inglise Rahvusballeti esitantsija on 42-aastane, Itaalias on samuti tantsijaid, kes on \u00fcle 55 aasta vanad. &#8220;See, kui pikalt karj\u00e4\u00e4r kesta v\u00f5ib, on h\u00e4sti individuaalne ja oleneb tantsija tervisest. Kui pikalt sa tahad seda karj\u00e4\u00e4ri teha, on teine k\u00fcsimus. Vanasti oli Eestis tavaks, et baleriin tantsib kuni riikliku pensioni saamiseni: see t\u00e4hendab 20 aastat t\u00f6\u00f6d teatris,&#8221; selgitas Roberta. &#8220;Minul seda enam ei ole, nii et mina tantsin, kuni indu j\u00e4tkub,&#8221; lisas baleriin.<\/p>\n<\/div>","protected":false},"excerpt":{"rendered":"<p>Estonias solistikarj\u00e4\u00e4ri alustanud Anna Roberta peab tantsides oluliseks enda maitse j\u00e4rgimist. Tema s\u00f5nul on t\u00e4nap\u00e4eval muutunud aina tavalisemaks see, et tantsijad saavad esisolistiks noores eas. https:\/\/eeter.err.ee\/1609415941\/eesti-rahvusballeti-esisolist-anna-roberta-dieedikultuur-on-minevik Toimetaja:\u00a0Aet Kubits Allikas:\u00a0R2 &#8220;Hommik&#8221;, intervjueerisid Bert J\u00e4rvet ja J\u00fcri Muttika Estonia baleriin Anna Roberta (1999) sai solistiks 2022. aastal ning esitantsijaks 2023. aastal. T\u00e4nap\u00e4eval on tema s\u00f5nul muutunud aina&#8230;<\/p>","protected":false},"author":1,"featured_media":4947,"comment_status":"open","ping_status":"open","sticky":false,"template":"","format":"standard","meta":{"footnotes":""},"categories":[23],"tags":[],"class_list":["post-4946","post","type-post","status-publish","format-standard","has-post-thumbnail","hentry","category-meedia"],"yoast_head":"<!-- This site is optimized with the Yoast SEO plugin v21.6 - https:\/\/yoast.com\/wordpress\/plugins\/seo\/ -->\n<title>Eesti Rahvusballeti esisolist Anna Roberta: dieedikultuur on minevik - Anna Roberta<\/title>\n<meta name=\"robots\" content=\"index, follow, max-snippet:-1, max-image-preview:large, max-video-preview:-1\" \/>\n<link rel=\"canonical\" href=\"https:\/\/annaroberta.com\/en\/meedia\/eesti-rahvusballeti-esisolist-anna-roberta-dieedikultuur-on-minevik\/\" \/>\n<meta property=\"og:locale\" content=\"en_US\" \/>\n<meta property=\"og:type\" content=\"article\" \/>\n<meta property=\"og:title\" content=\"Eesti Rahvusballeti esisolist Anna Roberta: dieedikultuur on minevik - Anna Roberta\" \/>\n<meta property=\"og:description\" content=\"Estonias solistikarj\u00e4\u00e4ri alustanud Anna Roberta peab tantsides oluliseks enda maitse j\u00e4rgimist. Tema s\u00f5nul on t\u00e4nap\u00e4eval muutunud aina tavalisemaks see, et tantsijad saavad esisolistiks noores eas. https:\/\/eeter.err.ee\/1609415941\/eesti-rahvusballeti-esisolist-anna-roberta-dieedikultuur-on-minevik Toimetaja:\u00a0Aet Kubits Allikas:\u00a0R2 &#8220;Hommik&#8221;, intervjueerisid Bert J\u00e4rvet ja J\u00fcri Muttika Estonia baleriin Anna Roberta (1999) sai solistiks 2022. aastal ning esitantsijaks 2023. aastal. T\u00e4nap\u00e4eval on tema s\u00f5nul muutunud aina...\" \/>\n<meta property=\"og:url\" content=\"https:\/\/annaroberta.com\/en\/meedia\/eesti-rahvusballeti-esisolist-anna-roberta-dieedikultuur-on-minevik\/\" \/>\n<meta property=\"og:site_name\" content=\"Anna Roberta\" \/>\n<meta property=\"article:published_time\" content=\"2025-04-09T13:02:02+00:00\" \/>\n<meta property=\"og:image\" content=\"https:\/\/annaroberta.com\/wp-content\/uploads\/2025\/04\/Anna-R2.jpeg\" \/>\n\t<meta property=\"og:image:width\" content=\"2373\" \/>\n\t<meta property=\"og:image:height\" content=\"1780\" \/>\n\t<meta property=\"og:image:type\" content=\"image\/jpeg\" \/>\n<meta name=\"author\" content=\"Anna Roberta\" \/>\n<meta name=\"twitter:card\" content=\"summary_large_image\" \/>\n<meta name=\"twitter:label1\" content=\"Written by\" \/>\n\t<meta name=\"twitter:data1\" content=\"Anna Roberta\" \/>\n\t<meta name=\"twitter:label2\" content=\"Est. reading time\" \/>\n\t<meta name=\"twitter:data2\" content=\"4 minutes\" \/>\n<script type=\"application\/ld+json\" class=\"yoast-schema-graph\">{\"@context\":\"https:\/\/schema.org\",\"@graph\":[{\"@type\":\"Article\",\"@id\":\"https:\/\/annaroberta.com\/meedia\/eesti-rahvusballeti-esisolist-anna-roberta-dieedikultuur-on-minevik\/#article\",\"isPartOf\":{\"@id\":\"https:\/\/annaroberta.com\/meedia\/eesti-rahvusballeti-esisolist-anna-roberta-dieedikultuur-on-minevik\/\"},\"author\":{\"name\":\"Anna Roberta\",\"@id\":\"https:\/\/annaroberta.com\/#\/schema\/person\/76369af4c4095611389eacea884062e4\"},\"headline\":\"Eesti Rahvusballeti esisolist Anna Roberta: dieedikultuur on minevik\",\"datePublished\":\"2025-04-09T13:02:02+00:00\",\"dateModified\":\"2025-04-09T13:02:02+00:00\",\"mainEntityOfPage\":{\"@id\":\"https:\/\/annaroberta.com\/meedia\/eesti-rahvusballeti-esisolist-anna-roberta-dieedikultuur-on-minevik\/\"},\"wordCount\":821,\"commentCount\":0,\"publisher\":{\"@id\":\"https:\/\/annaroberta.com\/#\/schema\/person\/76369af4c4095611389eacea884062e4\"},\"articleSection\":[\"MEEDIA\"],\"inLanguage\":\"en-US\",\"potentialAction\":[{\"@type\":\"CommentAction\",\"name\":\"Comment\",\"target\":[\"https:\/\/annaroberta.com\/meedia\/eesti-rahvusballeti-esisolist-anna-roberta-dieedikultuur-on-minevik\/#respond\"]}]},{\"@type\":\"WebPage\",\"@id\":\"https:\/\/annaroberta.com\/meedia\/eesti-rahvusballeti-esisolist-anna-roberta-dieedikultuur-on-minevik\/\",\"url\":\"https:\/\/annaroberta.com\/meedia\/eesti-rahvusballeti-esisolist-anna-roberta-dieedikultuur-on-minevik\/\",\"name\":\"Eesti Rahvusballeti esisolist Anna Roberta: dieedikultuur on minevik - Anna Roberta\",\"isPartOf\":{\"@id\":\"https:\/\/annaroberta.com\/#website\"},\"datePublished\":\"2025-04-09T13:02:02+00:00\",\"dateModified\":\"2025-04-09T13:02:02+00:00\",\"breadcrumb\":{\"@id\":\"https:\/\/annaroberta.com\/meedia\/eesti-rahvusballeti-esisolist-anna-roberta-dieedikultuur-on-minevik\/#breadcrumb\"},\"inLanguage\":\"en-US\",\"potentialAction\":[{\"@type\":\"ReadAction\",\"target\":[\"https:\/\/annaroberta.com\/meedia\/eesti-rahvusballeti-esisolist-anna-roberta-dieedikultuur-on-minevik\/\"]}]},{\"@type\":\"BreadcrumbList\",\"@id\":\"https:\/\/annaroberta.com\/meedia\/eesti-rahvusballeti-esisolist-anna-roberta-dieedikultuur-on-minevik\/#breadcrumb\",\"itemListElement\":[{\"@type\":\"ListItem\",\"position\":1,\"name\":\"Anna Roberta\",\"item\":\"https:\/\/annaroberta.com\/\"},{\"@type\":\"ListItem\",\"position\":2,\"name\":\"Eesti Rahvusballeti esisolist Anna Roberta: dieedikultuur on minevik\"}]},{\"@type\":\"WebSite\",\"@id\":\"https:\/\/annaroberta.com\/#website\",\"url\":\"https:\/\/annaroberta.com\/\",\"name\":\"Anna Roberta\",\"description\":\"Eesti Rahvusballeti esitantsija\",\"publisher\":{\"@id\":\"https:\/\/annaroberta.com\/#\/schema\/person\/76369af4c4095611389eacea884062e4\"},\"potentialAction\":[{\"@type\":\"SearchAction\",\"target\":{\"@type\":\"EntryPoint\",\"urlTemplate\":\"https:\/\/annaroberta.com\/?s={search_term_string}\"},\"query-input\":\"required name=search_term_string\"}],\"inLanguage\":\"en-US\"},{\"@type\":[\"Person\",\"Organization\"],\"@id\":\"https:\/\/annaroberta.com\/#\/schema\/person\/76369af4c4095611389eacea884062e4\",\"name\":\"Anna Roberta\",\"image\":{\"@type\":\"ImageObject\",\"inLanguage\":\"en-US\",\"@id\":\"https:\/\/annaroberta.com\/#\/schema\/person\/image\/\",\"url\":\"https:\/\/secure.gravatar.com\/avatar\/a7ccf10744a8af44a09a734fc3e6b78bdfe25b2c4cdcf1201161d10703de5211?s=96&d=mm&r=g\",\"contentUrl\":\"https:\/\/secure.gravatar.com\/avatar\/a7ccf10744a8af44a09a734fc3e6b78bdfe25b2c4cdcf1201161d10703de5211?s=96&d=mm&r=g\",\"caption\":\"Anna Roberta\"},\"logo\":{\"@id\":\"https:\/\/annaroberta.com\/#\/schema\/person\/image\/\"},\"sameAs\":[\"https:\/\/annaroberta.com\"]}]}<\/script>\n<!-- \/ Yoast SEO plugin. -->","yoast_head_json":{"title":"Eesti Rahvusballeti esisolist Anna Roberta: dieedikultuur on minevik - Anna Roberta","robots":{"index":"index","follow":"follow","max-snippet":"max-snippet:-1","max-image-preview":"max-image-preview:large","max-video-preview":"max-video-preview:-1"},"canonical":"https:\/\/annaroberta.com\/en\/meedia\/eesti-rahvusballeti-esisolist-anna-roberta-dieedikultuur-on-minevik\/","og_locale":"en_US","og_type":"article","og_title":"Eesti Rahvusballeti esisolist Anna Roberta: dieedikultuur on minevik - Anna Roberta","og_description":"Estonias solistikarj\u00e4\u00e4ri alustanud Anna Roberta peab tantsides oluliseks enda maitse j\u00e4rgimist. Tema s\u00f5nul on t\u00e4nap\u00e4eval muutunud aina tavalisemaks see, et tantsijad saavad esisolistiks noores eas. https:\/\/eeter.err.ee\/1609415941\/eesti-rahvusballeti-esisolist-anna-roberta-dieedikultuur-on-minevik Toimetaja:\u00a0Aet Kubits Allikas:\u00a0R2 &#8220;Hommik&#8221;, intervjueerisid Bert J\u00e4rvet ja J\u00fcri Muttika Estonia baleriin Anna Roberta (1999) sai solistiks 2022. aastal ning esitantsijaks 2023. aastal. T\u00e4nap\u00e4eval on tema s\u00f5nul muutunud aina...","og_url":"https:\/\/annaroberta.com\/en\/meedia\/eesti-rahvusballeti-esisolist-anna-roberta-dieedikultuur-on-minevik\/","og_site_name":"Anna Roberta","article_published_time":"2025-04-09T13:02:02+00:00","og_image":[{"width":2373,"height":1780,"url":"https:\/\/annaroberta.com\/wp-content\/uploads\/2025\/04\/Anna-R2.jpeg","type":"image\/jpeg"}],"author":"Anna Roberta","twitter_card":"summary_large_image","twitter_misc":{"Written by":"Anna Roberta","Est. reading time":"4 minutes"},"schema":{"@context":"https:\/\/schema.org","@graph":[{"@type":"Article","@id":"https:\/\/annaroberta.com\/meedia\/eesti-rahvusballeti-esisolist-anna-roberta-dieedikultuur-on-minevik\/#article","isPartOf":{"@id":"https:\/\/annaroberta.com\/meedia\/eesti-rahvusballeti-esisolist-anna-roberta-dieedikultuur-on-minevik\/"},"author":{"name":"Anna Roberta","@id":"https:\/\/annaroberta.com\/#\/schema\/person\/76369af4c4095611389eacea884062e4"},"headline":"Eesti Rahvusballeti esisolist Anna Roberta: dieedikultuur on minevik","datePublished":"2025-04-09T13:02:02+00:00","dateModified":"2025-04-09T13:02:02+00:00","mainEntityOfPage":{"@id":"https:\/\/annaroberta.com\/meedia\/eesti-rahvusballeti-esisolist-anna-roberta-dieedikultuur-on-minevik\/"},"wordCount":821,"commentCount":0,"publisher":{"@id":"https:\/\/annaroberta.com\/#\/schema\/person\/76369af4c4095611389eacea884062e4"},"articleSection":["MEEDIA"],"inLanguage":"en-US","potentialAction":[{"@type":"CommentAction","name":"Comment","target":["https:\/\/annaroberta.com\/meedia\/eesti-rahvusballeti-esisolist-anna-roberta-dieedikultuur-on-minevik\/#respond"]}]},{"@type":"WebPage","@id":"https:\/\/annaroberta.com\/meedia\/eesti-rahvusballeti-esisolist-anna-roberta-dieedikultuur-on-minevik\/","url":"https:\/\/annaroberta.com\/meedia\/eesti-rahvusballeti-esisolist-anna-roberta-dieedikultuur-on-minevik\/","name":"Eesti Rahvusballeti esisolist Anna Roberta: dieedikultuur on minevik - Anna Roberta","isPartOf":{"@id":"https:\/\/annaroberta.com\/#website"},"datePublished":"2025-04-09T13:02:02+00:00","dateModified":"2025-04-09T13:02:02+00:00","breadcrumb":{"@id":"https:\/\/annaroberta.com\/meedia\/eesti-rahvusballeti-esisolist-anna-roberta-dieedikultuur-on-minevik\/#breadcrumb"},"inLanguage":"en-US","potentialAction":[{"@type":"ReadAction","target":["https:\/\/annaroberta.com\/meedia\/eesti-rahvusballeti-esisolist-anna-roberta-dieedikultuur-on-minevik\/"]}]},{"@type":"BreadcrumbList","@id":"https:\/\/annaroberta.com\/meedia\/eesti-rahvusballeti-esisolist-anna-roberta-dieedikultuur-on-minevik\/#breadcrumb","itemListElement":[{"@type":"ListItem","position":1,"name":"Anna Roberta","item":"https:\/\/annaroberta.com\/"},{"@type":"ListItem","position":2,"name":"Eesti Rahvusballeti esisolist Anna Roberta: dieedikultuur on minevik"}]},{"@type":"WebSite","@id":"https:\/\/annaroberta.com\/#website","url":"https:\/\/annaroberta.com\/","name":"Anna Roberta","description":"Eesti Rahvusballeti esitantsija","publisher":{"@id":"https:\/\/annaroberta.com\/#\/schema\/person\/76369af4c4095611389eacea884062e4"},"potentialAction":[{"@type":"SearchAction","target":{"@type":"EntryPoint","urlTemplate":"https:\/\/annaroberta.com\/?s={search_term_string}"},"query-input":"required name=search_term_string"}],"inLanguage":"en-US"},{"@type":["Person","Organization"],"@id":"https:\/\/annaroberta.com\/#\/schema\/person\/76369af4c4095611389eacea884062e4","name":"Anna Roberta","image":{"@type":"ImageObject","inLanguage":"en-US","@id":"https:\/\/annaroberta.com\/#\/schema\/person\/image\/","url":"https:\/\/secure.gravatar.com\/avatar\/a7ccf10744a8af44a09a734fc3e6b78bdfe25b2c4cdcf1201161d10703de5211?s=96&d=mm&r=g","contentUrl":"https:\/\/secure.gravatar.com\/avatar\/a7ccf10744a8af44a09a734fc3e6b78bdfe25b2c4cdcf1201161d10703de5211?s=96&d=mm&r=g","caption":"Anna Roberta"},"logo":{"@id":"https:\/\/annaroberta.com\/#\/schema\/person\/image\/"},"sameAs":["https:\/\/annaroberta.com"]}]}},"featured_image_src":"https:\/\/annaroberta.com\/wp-content\/uploads\/2025\/04\/Anna-R2.jpeg","featured_image_src_square":"https:\/\/annaroberta.com\/wp-content\/uploads\/2025\/04\/Anna-R2.jpeg","author_info":{"display_name":"Anna Roberta","author_link":"https:\/\/annaroberta.com\/en\/author\/admin\/"},"category_info":"<a href=\"https:\/\/annaroberta.com\/en\/category\/meedia\/\" rel=\"category tag\">MEEDIA<\/a>","tags_info":"","social_share_info":"<a data-share=\"facebook\" href=\"https:\/\/www.facebook.com\/sharer.php?u=https:\/\/annaroberta.com\/en\/meedia\/eesti-rahvusballeti-esisolist-anna-roberta-dieedikultuur-on-minevik\/\" class=\"tb-facebook-share social-share-default tb-social-share\" target=\"_blank\"><i class=\"fab fa-facebook-f\" aria-hidden=\"true\"><\/i><\/a><a data-share=\"twitter\" href=\"https:\/\/twitter.com\/share?url=https:\/\/annaroberta.com\/en\/meedia\/eesti-rahvusballeti-esisolist-anna-roberta-dieedikultuur-on-minevik\/\" class=\"tb-twiiter-share social-share-default tb-social-share\" target=\"_blank\"><i class=\"fab fa-twitter\" aria-hidden=\"true\"><\/i><\/a><a data-share=\"linkedin\" href=\"https:\/\/www.linkedin.com\/shareArticle?url=https:\/\/annaroberta.com\/en\/meedia\/eesti-rahvusballeti-esisolist-anna-roberta-dieedikultuur-on-minevik\/\" class=\"tb-linkedin-share social-share-default tb-social-share\" target=\"_blank\"><i class=\"fab fa-linkedin-in\" aria-hidden=\"true\"><\/i><\/a>","wordExcerpt_info":"Estonias solistikarj\u00e4\u00e4ri alustanud Anna Roberta peab tantsides oluliseks enda maitse j\u00e4rgimist. Tema s\u00f5nul on t\u00e4nap\u00e4eval muutunud aina tavalisemaks see, et tantsijad saavad esisolistiks noores eas. https:\/\/eeter.err.ee\/1609415941\/eesti-rahvusballeti-esisolist-anna-roberta-dieedikultuur-on-minevik Toimetaja:\u00a0Aet Kubits Allikas:\u00a0R2 \"Hommik\", intervjueerisid Bert J\u00e4rvet ja J\u00fcri Muttika Estonia baleriin Anna Roberta (1999) sai solistiks 2022. aastal ning esitantsijaks 2023. aastal. T\u00e4nap\u00e4eval on tema s\u00f5nul muutunud aina...","comment_info":"0","_links":{"self":[{"href":"https:\/\/annaroberta.com\/en\/wp-json\/wp\/v2\/posts\/4946","targetHints":{"allow":["GET"]}}],"collection":[{"href":"https:\/\/annaroberta.com\/en\/wp-json\/wp\/v2\/posts"}],"about":[{"href":"https:\/\/annaroberta.com\/en\/wp-json\/wp\/v2\/types\/post"}],"author":[{"embeddable":true,"href":"https:\/\/annaroberta.com\/en\/wp-json\/wp\/v2\/users\/1"}],"replies":[{"embeddable":true,"href":"https:\/\/annaroberta.com\/en\/wp-json\/wp\/v2\/comments?post=4946"}],"version-history":[{"count":1,"href":"https:\/\/annaroberta.com\/en\/wp-json\/wp\/v2\/posts\/4946\/revisions"}],"predecessor-version":[{"id":4948,"href":"https:\/\/annaroberta.com\/en\/wp-json\/wp\/v2\/posts\/4946\/revisions\/4948"}],"wp:featuredmedia":[{"embeddable":true,"href":"https:\/\/annaroberta.com\/en\/wp-json\/wp\/v2\/media\/4947"}],"wp:attachment":[{"href":"https:\/\/annaroberta.com\/en\/wp-json\/wp\/v2\/media?parent=4946"}],"wp:term":[{"taxonomy":"category","embeddable":true,"href":"https:\/\/annaroberta.com\/en\/wp-json\/wp\/v2\/categories?post=4946"},{"taxonomy":"post_tag","embeddable":true,"href":"https:\/\/annaroberta.com\/en\/wp-json\/wp\/v2\/tags?post=4946"}],"curies":[{"name":"wp","href":"https:\/\/api.w.org\/{rel}","templated":true}]}}