{"id":3978,"date":"2021-11-01T21:00:57","date_gmt":"2021-11-01T21:00:57","guid":{"rendered":"https:\/\/annaroberta.com\/?p=3978"},"modified":"2021-11-08T20:21:09","modified_gmt":"2021-11-08T20:21:09","slug":"milleks-on-maailmas-vaja-veel-uhte-blogi","status":"publish","type":"post","link":"https:\/\/annaroberta.com\/en\/blogi\/milleks-on-maailmas-vaja-veel-uhte-blogi\/","title":{"rendered":"Milleks on maailmas vaja veel \u00fchte blogi?"},"content":{"rendered":"<h5 class=\"wp-block-heading\">Tere! Olete j\u00f5udnud minu blogisse. On ka aeg. Aastaid on mu peas k\u00fcpsenud m\u00f5te oma m\u00f5tete ja kogemuste jagamisest, aga kui arvata v\u00e4lja paar peidetud p\u00e4evikut, siis p\u00e4ris \u00f5igesse kirjalikku vormi pole nad veel kordagi j\u00f5udnud. Aga kui olete siin, siis olen ennast j\u00e4relikult kokku v\u00f5tnud ja seda kivi m\u00e4est \u00fcles l\u00fckkama hakanud.<\/h5>\r\n\r\n\r\n\r\n<p>Teadke, et selle esimese postituse taha on peitunud kuid kirjutamist, kustutamist ja \u00fcmberkirjutamist. See esimene blogipostitus on elanud minu arvuti \u201cdraft\u201d kaustas kauem, kui m\u00e4letan. Lugematuid kordi olen ta lahti teinud, vaadanud teksti, lisanud s\u00f5na v\u00f5i paar ja dokumendi uuesti kinni pannud.<\/p>\r\n\r\n\r\n\r\n<p>K\u00fcsite miks? Vastus on pealkirjas. Ma ei ole suutnud iseendale \u00e4ra p\u00f5hjendada, miks on maailmas vaja veel \u00fchte blogi. Mida oskan mina \u00f6elda, mis ei ole juba \u00f6eldud? Miks v\u00f5taks keegi aja, et lugeda minu m\u00f5tteid maailmast? Minu \u201cnippe\u201d elamiseks? Ja kui keegi teist mind l\u00e4hemalt ei tunne, siis teadke, ma ei tee midagi, mis pole endale \u00e4ra p\u00f5hjendatud.<\/p>\r\n\r\n\r\n\r\n<p>Kuna te seda postitust loete, siis j\u00e4relikult ma leidsin endale p\u00f5hjenduse. Paremini s\u00f5nastades mitte ei leidnud, vaid suutsin v\u00e4lja m\u00f5elda ja arusaadavalt kirja panna. Sest tihti ei j\u00e4\u00e4 asjad mitte ideepuuduse, vaid ettev\u00f5tlikkuse taha kinni. Ja nagu iga muud oskust elus, tuleb ka ettev\u00f5tlikkust harjutada, harjutada ja veel harjutada.\u00a0<\/p>\r\n\r\n\r\n\r\n<p>Minnes tagasi selle lehe ja blogi juurde, leidsin, et p\u00f5hjus, miks on maailmas vaja veel \u00fchte blogi, on see, et ma TAHAN seda blogi teha. Ma tunnen soovi kirjutada, jagada, aidata. Ma tunnen, et m\u00f5tted ja ideed, mida mina olen leidnud, \u00f5ppinud ja elus kasutanud peaksid olema k\u00e4ttesaadavad k\u00f5igile. Minu esimene instinkt uue idee lugemisel on seda JAGADA.<\/p>\r\n\r\n\r\n\r\n<p>Ei, ma ei ole maailmakuulus <em>life-coach<\/em>, kes muudab miljonite inimeste elusid igap\u00e4evaselt (Tony Robbins), v\u00f5i turundusekspert, kelle tunniajaste \u00f5petustundide eest sadu tuhandeid dollareid makstakse (Gary Veinerchcuk). Ma ka ei p\u00fc\u00fcdle selle poole.<\/p>\r\n\r\n\r\n\r\n<p>Minu eesm\u00e4rk on aidata. Aitamine on asi, mis t\u00e4idab mind sihikindluse, innu, otsustusv\u00f5ime ja tahtega. See on minu kirg. Ma tahan aidata inimesi, loodust, loomi, iseennast, ja k\u00f5iki abivajajaid. Ja kuigi \u00fckski koer ega kass otseselt sellest blogist kasu ei saa, siis inimesi aidata ma saan. V\u00f5i v\u00e4hemalt proovida.<\/p>\r\n\r\n\r\n\r\n<p>Ja see ongi selle blogi eesm\u00e4rk. Mina annan teile edasi asju, mis mina oma elust \u00f5ppinud olen. Vahel v\u00f5ite saada abi enda motiveerimiseks, j\u00e4rgmine kord aga n\u00e4iteks pika jutu minu enda elust ja asjatamistest (n\u00e4iteks jagan hobisid, millega parasjagu eksperimenteerin). Ma r\u00e4\u00e4gin teile, kuidas mina leian r\u00f5\u00f5mu karj\u00e4\u00e4ris, mille range distsipliin r\u00f5\u00f5mule suurt ruumi ei j\u00e4ta. V\u00f5ite lugeda, millesse ma usun, mille j\u00e4rgi otsuseid teen ja kuidas tagaj\u00e4rgedega tegelen. Et blogis leiduks r\u00f5\u00f5mu, r\u00e4\u00e4gin kindlasti oma elu piinlikest olukordadest (jah, neid on palju).<\/p>\r\n\r\n\r\n\r\n<p>Minu kirg aidata inimesi kui kollektiivi algab siit. Ja loodan, et siin ta ei l\u00f5ppe.<\/p>\r\n\r\n\r\n\r\n<p>J\u00e4rgmise lugemiseni!<\/p>","protected":false},"excerpt":{"rendered":"<p>Tere! Olete j\u00f5udnud minu blogisse. On ka aeg. Aastaid on mu peas k\u00fcpsenud m\u00f5te oma m\u00f5tete ja kogemuste jagamisest, aga kui arvata v\u00e4lja paar peidetud p\u00e4evikut, siis p\u00e4ris \u00f5igesse kirjalikku vormi pole nad veel kordagi j\u00f5udnud. Aga kui olete siin, siis olen ennast j\u00e4relikult kokku v\u00f5tnud ja seda kivi m\u00e4est \u00fcles l\u00fckkama hakanud. Teadke, et&#8230;<\/p>","protected":false},"author":1,"featured_media":4120,"comment_status":"closed","ping_status":"closed","sticky":false,"template":"","format":"standard","meta":{"footnotes":""},"categories":[27],"tags":[25],"class_list":["post-3978","post","type-post","status-publish","format-standard","has-post-thumbnail","hentry","category-blogi","tag-blogi"],"yoast_head":"<!-- This site is optimized with the Yoast SEO plugin v21.6 - https:\/\/yoast.com\/wordpress\/plugins\/seo\/ -->\n<title>Milleks on maailmas vaja veel \u00fchte blogi? - Anna Roberta<\/title>\n<meta name=\"description\" content=\"Professionaalne baleriin Anna Roberta avab oma m\u00f5ttemaailma, t\u00f6\u00f6- ja eraelu ning k\u00f5ike muud, mis on k\u00f5netab tantsijat ennast.\" \/>\n<meta name=\"robots\" content=\"index, follow, max-snippet:-1, max-image-preview:large, max-video-preview:-1\" \/>\n<link rel=\"canonical\" href=\"https:\/\/annaroberta.com\/en\/blogi\/milleks-on-maailmas-vaja-veel-uhte-blogi\/\" \/>\n<meta property=\"og:locale\" content=\"en_US\" \/>\n<meta property=\"og:type\" content=\"article\" \/>\n<meta property=\"og:title\" content=\"Milleks on maailmas vaja veel \u00fchte blogi? - Anna Roberta\" \/>\n<meta property=\"og:description\" content=\"Professionaalne baleriin Anna Roberta avab oma m\u00f5ttemaailma, t\u00f6\u00f6- ja eraelu ning k\u00f5ike muud, mis on k\u00f5netab tantsijat ennast.\" \/>\n<meta property=\"og:url\" content=\"https:\/\/annaroberta.com\/en\/blogi\/milleks-on-maailmas-vaja-veel-uhte-blogi\/\" \/>\n<meta property=\"og:site_name\" content=\"Anna Roberta\" \/>\n<meta property=\"article:published_time\" content=\"2021-11-01T21:00:57+00:00\" \/>\n<meta property=\"article:modified_time\" content=\"2021-11-08T20:21:09+00:00\" \/>\n<meta property=\"og:image\" content=\"https:\/\/annaroberta.com\/wp-content\/uploads\/2021\/11\/Anna-Roberta-kontakt.jpg\" \/>\n\t<meta property=\"og:image:width\" content=\"1920\" \/>\n\t<meta property=\"og:image:height\" content=\"1920\" \/>\n\t<meta property=\"og:image:type\" content=\"image\/jpeg\" \/>\n<meta name=\"author\" content=\"Anna Roberta\" \/>\n<meta name=\"twitter:card\" content=\"summary_large_image\" \/>\n<meta name=\"twitter:label1\" content=\"Written by\" \/>\n\t<meta name=\"twitter:data1\" content=\"Anna Roberta\" \/>\n\t<meta name=\"twitter:label2\" content=\"Est. reading time\" \/>\n\t<meta name=\"twitter:data2\" content=\"2 minutes\" \/>\n<script type=\"application\/ld+json\" class=\"yoast-schema-graph\">{\"@context\":\"https:\/\/schema.org\",\"@graph\":[{\"@type\":\"Article\",\"@id\":\"https:\/\/annaroberta.com\/blogi\/milleks-on-maailmas-vaja-veel-uhte-blogi\/#article\",\"isPartOf\":{\"@id\":\"https:\/\/annaroberta.com\/blogi\/milleks-on-maailmas-vaja-veel-uhte-blogi\/\"},\"author\":{\"name\":\"Anna Roberta\",\"@id\":\"https:\/\/annaroberta.com\/#\/schema\/person\/76369af4c4095611389eacea884062e4\"},\"headline\":\"Milleks on maailmas vaja veel \u00fchte blogi?\",\"datePublished\":\"2021-11-01T21:00:57+00:00\",\"dateModified\":\"2021-11-08T20:21:09+00:00\",\"mainEntityOfPage\":{\"@id\":\"https:\/\/annaroberta.com\/blogi\/milleks-on-maailmas-vaja-veel-uhte-blogi\/\"},\"wordCount\":507,\"publisher\":{\"@id\":\"https:\/\/annaroberta.com\/#\/schema\/person\/76369af4c4095611389eacea884062e4\"},\"keywords\":[\"Blogi\"],\"articleSection\":[\"Blogi\"],\"inLanguage\":\"en-US\"},{\"@type\":\"WebPage\",\"@id\":\"https:\/\/annaroberta.com\/blogi\/milleks-on-maailmas-vaja-veel-uhte-blogi\/\",\"url\":\"https:\/\/annaroberta.com\/blogi\/milleks-on-maailmas-vaja-veel-uhte-blogi\/\",\"name\":\"Milleks on maailmas vaja veel \u00fchte blogi? - Anna Roberta\",\"isPartOf\":{\"@id\":\"https:\/\/annaroberta.com\/#website\"},\"datePublished\":\"2021-11-01T21:00:57+00:00\",\"dateModified\":\"2021-11-08T20:21:09+00:00\",\"description\":\"Professionaalne baleriin Anna Roberta avab oma m\u00f5ttemaailma, t\u00f6\u00f6- ja eraelu ning k\u00f5ike muud, mis on k\u00f5netab tantsijat ennast.\",\"breadcrumb\":{\"@id\":\"https:\/\/annaroberta.com\/blogi\/milleks-on-maailmas-vaja-veel-uhte-blogi\/#breadcrumb\"},\"inLanguage\":\"en-US\",\"potentialAction\":[{\"@type\":\"ReadAction\",\"target\":[\"https:\/\/annaroberta.com\/blogi\/milleks-on-maailmas-vaja-veel-uhte-blogi\/\"]}]},{\"@type\":\"BreadcrumbList\",\"@id\":\"https:\/\/annaroberta.com\/blogi\/milleks-on-maailmas-vaja-veel-uhte-blogi\/#breadcrumb\",\"itemListElement\":[{\"@type\":\"ListItem\",\"position\":1,\"name\":\"Anna Roberta\",\"item\":\"https:\/\/annaroberta.com\/\"},{\"@type\":\"ListItem\",\"position\":2,\"name\":\"Milleks on maailmas vaja veel \u00fchte blogi?\"}]},{\"@type\":\"WebSite\",\"@id\":\"https:\/\/annaroberta.com\/#website\",\"url\":\"https:\/\/annaroberta.com\/\",\"name\":\"Anna Roberta\",\"description\":\"Eesti Rahvusballeti esitantsija\",\"publisher\":{\"@id\":\"https:\/\/annaroberta.com\/#\/schema\/person\/76369af4c4095611389eacea884062e4\"},\"potentialAction\":[{\"@type\":\"SearchAction\",\"target\":{\"@type\":\"EntryPoint\",\"urlTemplate\":\"https:\/\/annaroberta.com\/?s={search_term_string}\"},\"query-input\":\"required name=search_term_string\"}],\"inLanguage\":\"en-US\"},{\"@type\":[\"Person\",\"Organization\"],\"@id\":\"https:\/\/annaroberta.com\/#\/schema\/person\/76369af4c4095611389eacea884062e4\",\"name\":\"Anna Roberta\",\"image\":{\"@type\":\"ImageObject\",\"inLanguage\":\"en-US\",\"@id\":\"https:\/\/annaroberta.com\/#\/schema\/person\/image\/\",\"url\":\"https:\/\/secure.gravatar.com\/avatar\/a7ccf10744a8af44a09a734fc3e6b78bdfe25b2c4cdcf1201161d10703de5211?s=96&d=mm&r=g\",\"contentUrl\":\"https:\/\/secure.gravatar.com\/avatar\/a7ccf10744a8af44a09a734fc3e6b78bdfe25b2c4cdcf1201161d10703de5211?s=96&d=mm&r=g\",\"caption\":\"Anna Roberta\"},\"logo\":{\"@id\":\"https:\/\/annaroberta.com\/#\/schema\/person\/image\/\"},\"sameAs\":[\"https:\/\/annaroberta.com\"]}]}<\/script>\n<!-- \/ Yoast SEO plugin. -->","yoast_head_json":{"title":"Milleks on maailmas vaja veel \u00fchte blogi? - Anna Roberta","description":"Professionaalne baleriin Anna Roberta avab oma m\u00f5ttemaailma, t\u00f6\u00f6- ja eraelu ning k\u00f5ike muud, mis on k\u00f5netab tantsijat ennast.","robots":{"index":"index","follow":"follow","max-snippet":"max-snippet:-1","max-image-preview":"max-image-preview:large","max-video-preview":"max-video-preview:-1"},"canonical":"https:\/\/annaroberta.com\/en\/blogi\/milleks-on-maailmas-vaja-veel-uhte-blogi\/","og_locale":"en_US","og_type":"article","og_title":"Milleks on maailmas vaja veel \u00fchte blogi? - Anna Roberta","og_description":"Professionaalne baleriin Anna Roberta avab oma m\u00f5ttemaailma, t\u00f6\u00f6- ja eraelu ning k\u00f5ike muud, mis on k\u00f5netab tantsijat ennast.","og_url":"https:\/\/annaroberta.com\/en\/blogi\/milleks-on-maailmas-vaja-veel-uhte-blogi\/","og_site_name":"Anna Roberta","article_published_time":"2021-11-01T21:00:57+00:00","article_modified_time":"2021-11-08T20:21:09+00:00","og_image":[{"width":1920,"height":1920,"url":"https:\/\/annaroberta.com\/wp-content\/uploads\/2021\/11\/Anna-Roberta-kontakt.jpg","type":"image\/jpeg"}],"author":"Anna Roberta","twitter_card":"summary_large_image","twitter_misc":{"Written by":"Anna Roberta","Est. reading time":"2 minutes"},"schema":{"@context":"https:\/\/schema.org","@graph":[{"@type":"Article","@id":"https:\/\/annaroberta.com\/blogi\/milleks-on-maailmas-vaja-veel-uhte-blogi\/#article","isPartOf":{"@id":"https:\/\/annaroberta.com\/blogi\/milleks-on-maailmas-vaja-veel-uhte-blogi\/"},"author":{"name":"Anna Roberta","@id":"https:\/\/annaroberta.com\/#\/schema\/person\/76369af4c4095611389eacea884062e4"},"headline":"Milleks on maailmas vaja veel \u00fchte blogi?","datePublished":"2021-11-01T21:00:57+00:00","dateModified":"2021-11-08T20:21:09+00:00","mainEntityOfPage":{"@id":"https:\/\/annaroberta.com\/blogi\/milleks-on-maailmas-vaja-veel-uhte-blogi\/"},"wordCount":507,"publisher":{"@id":"https:\/\/annaroberta.com\/#\/schema\/person\/76369af4c4095611389eacea884062e4"},"keywords":["Blogi"],"articleSection":["Blogi"],"inLanguage":"en-US"},{"@type":"WebPage","@id":"https:\/\/annaroberta.com\/blogi\/milleks-on-maailmas-vaja-veel-uhte-blogi\/","url":"https:\/\/annaroberta.com\/blogi\/milleks-on-maailmas-vaja-veel-uhte-blogi\/","name":"Milleks on maailmas vaja veel \u00fchte blogi? - Anna Roberta","isPartOf":{"@id":"https:\/\/annaroberta.com\/#website"},"datePublished":"2021-11-01T21:00:57+00:00","dateModified":"2021-11-08T20:21:09+00:00","description":"Professionaalne baleriin Anna Roberta avab oma m\u00f5ttemaailma, t\u00f6\u00f6- ja eraelu ning k\u00f5ike muud, mis on k\u00f5netab tantsijat ennast.","breadcrumb":{"@id":"https:\/\/annaroberta.com\/blogi\/milleks-on-maailmas-vaja-veel-uhte-blogi\/#breadcrumb"},"inLanguage":"en-US","potentialAction":[{"@type":"ReadAction","target":["https:\/\/annaroberta.com\/blogi\/milleks-on-maailmas-vaja-veel-uhte-blogi\/"]}]},{"@type":"BreadcrumbList","@id":"https:\/\/annaroberta.com\/blogi\/milleks-on-maailmas-vaja-veel-uhte-blogi\/#breadcrumb","itemListElement":[{"@type":"ListItem","position":1,"name":"Anna Roberta","item":"https:\/\/annaroberta.com\/"},{"@type":"ListItem","position":2,"name":"Milleks on maailmas vaja veel \u00fchte blogi?"}]},{"@type":"WebSite","@id":"https:\/\/annaroberta.com\/#website","url":"https:\/\/annaroberta.com\/","name":"Anna Roberta","description":"Eesti Rahvusballeti esitantsija","publisher":{"@id":"https:\/\/annaroberta.com\/#\/schema\/person\/76369af4c4095611389eacea884062e4"},"potentialAction":[{"@type":"SearchAction","target":{"@type":"EntryPoint","urlTemplate":"https:\/\/annaroberta.com\/?s={search_term_string}"},"query-input":"required name=search_term_string"}],"inLanguage":"en-US"},{"@type":["Person","Organization"],"@id":"https:\/\/annaroberta.com\/#\/schema\/person\/76369af4c4095611389eacea884062e4","name":"Anna Roberta","image":{"@type":"ImageObject","inLanguage":"en-US","@id":"https:\/\/annaroberta.com\/#\/schema\/person\/image\/","url":"https:\/\/secure.gravatar.com\/avatar\/a7ccf10744a8af44a09a734fc3e6b78bdfe25b2c4cdcf1201161d10703de5211?s=96&d=mm&r=g","contentUrl":"https:\/\/secure.gravatar.com\/avatar\/a7ccf10744a8af44a09a734fc3e6b78bdfe25b2c4cdcf1201161d10703de5211?s=96&d=mm&r=g","caption":"Anna Roberta"},"logo":{"@id":"https:\/\/annaroberta.com\/#\/schema\/person\/image\/"},"sameAs":["https:\/\/annaroberta.com"]}]}},"featured_image_src":"https:\/\/annaroberta.com\/wp-content\/uploads\/2021\/11\/Anna-Roberta-kontakt.jpg","featured_image_src_square":"https:\/\/annaroberta.com\/wp-content\/uploads\/2021\/11\/Anna-Roberta-kontakt.jpg","author_info":{"display_name":"Anna Roberta","author_link":"https:\/\/annaroberta.com\/en\/author\/admin\/"},"category_info":"<a href=\"https:\/\/annaroberta.com\/en\/category\/blogi\/\" rel=\"category tag\">Blogi<\/a>","tags_info":"<a href=\"https:\/\/annaroberta.com\/en\/tag\/blogi\/\" rel=\"tag\">Blogi<\/a>","social_share_info":"<a data-share=\"facebook\" href=\"https:\/\/www.facebook.com\/sharer.php?u=https:\/\/annaroberta.com\/en\/blogi\/milleks-on-maailmas-vaja-veel-uhte-blogi\/\" class=\"tb-facebook-share social-share-default tb-social-share\" target=\"_blank\"><i class=\"fab fa-facebook-f\" aria-hidden=\"true\"><\/i><\/a><a data-share=\"twitter\" href=\"https:\/\/twitter.com\/share?url=https:\/\/annaroberta.com\/en\/blogi\/milleks-on-maailmas-vaja-veel-uhte-blogi\/\" class=\"tb-twiiter-share social-share-default tb-social-share\" target=\"_blank\"><i class=\"fab fa-twitter\" aria-hidden=\"true\"><\/i><\/a><a data-share=\"linkedin\" href=\"https:\/\/www.linkedin.com\/shareArticle?url=https:\/\/annaroberta.com\/en\/blogi\/milleks-on-maailmas-vaja-veel-uhte-blogi\/\" class=\"tb-linkedin-share social-share-default tb-social-share\" target=\"_blank\"><i class=\"fab fa-linkedin-in\" aria-hidden=\"true\"><\/i><\/a>","wordExcerpt_info":"Tere! Olete j\u00f5udnud minu blogisse. On ka aeg. Aastaid on mu peas k\u00fcpsenud m\u00f5te oma m\u00f5tete ja kogemuste jagamisest, aga kui arvata v\u00e4lja paar peidetud p\u00e4evikut, siis p\u00e4ris \u00f5igesse kirjalikku vormi pole nad veel kordagi j\u00f5udnud. Aga kui olete siin, siis olen ennast j\u00e4relikult kokku v\u00f5tnud ja seda kivi m\u00e4est \u00fcles l\u00fckkama hakanud. Teadke, et...","comment_info":"0","_links":{"self":[{"href":"https:\/\/annaroberta.com\/en\/wp-json\/wp\/v2\/posts\/3978","targetHints":{"allow":["GET"]}}],"collection":[{"href":"https:\/\/annaroberta.com\/en\/wp-json\/wp\/v2\/posts"}],"about":[{"href":"https:\/\/annaroberta.com\/en\/wp-json\/wp\/v2\/types\/post"}],"author":[{"embeddable":true,"href":"https:\/\/annaroberta.com\/en\/wp-json\/wp\/v2\/users\/1"}],"replies":[{"embeddable":true,"href":"https:\/\/annaroberta.com\/en\/wp-json\/wp\/v2\/comments?post=3978"}],"version-history":[{"count":2,"href":"https:\/\/annaroberta.com\/en\/wp-json\/wp\/v2\/posts\/3978\/revisions"}],"predecessor-version":[{"id":4279,"href":"https:\/\/annaroberta.com\/en\/wp-json\/wp\/v2\/posts\/3978\/revisions\/4279"}],"wp:featuredmedia":[{"embeddable":true,"href":"https:\/\/annaroberta.com\/en\/wp-json\/wp\/v2\/media\/4120"}],"wp:attachment":[{"href":"https:\/\/annaroberta.com\/en\/wp-json\/wp\/v2\/media?parent=3978"}],"wp:term":[{"taxonomy":"category","embeddable":true,"href":"https:\/\/annaroberta.com\/en\/wp-json\/wp\/v2\/categories?post=3978"},{"taxonomy":"post_tag","embeddable":true,"href":"https:\/\/annaroberta.com\/en\/wp-json\/wp\/v2\/tags?post=3978"}],"curies":[{"name":"wp","href":"https:\/\/api.w.org\/{rel}","templated":true}]}}